{"ikmk_id":"307","eLearning_completed":"0","primary_source_id":"0","title":"Pergamon","inventory_number":"M 1032","activated":"yes","item":{"ikmk_item_id":"1","ndp_uri":"https:\/\/ikmk.smb.museum\/ndp\/sachbegriff\/1","item_de":"M\u00fcnze","item_en":"Coin","item_nomisma":"http:\/\/nomisma.org\/id\/coin"},"permalink":"https:\/\/archaeologie.uni-muenster.de\/ikmk\/object?id=ID307","permalink_source":null,"publisher":{"ikmk_publisher_id":37,"ndp_uri":"https:\/\/ikmk.smb.museum\/ndp\/besitzer\/37","publisher_name":"Digitales M\u00fcnzkabinett der Universit\u00e4t M\u00fcnster","publisher_isil":"https:\/\/ld.zdb-services.de\/resource\/orgsanisations\/DE-MUS-100214","publisher_isil_short":"DE-MUS-100214","UID":"https:\/\/ld.zdb-services.de\/resource\/orgsanisations\/DE-MUS-100214\/ID307","legalBodyWeblink":"https:\/\/www.uni-muenster.de\/Archaeologie\/numismatik\/index.shtml"},"owner":{"ikmk_owner_id":"37","owner_name":"M\u00fcnster, Arch\u00e4ologisches Museum der Universit\u00e4t","owner_isil":"http:\/\/ld.zdb-services.de\/resource\/organisations\/DE-MUS-100214","owner_isil_short":"DE-MUS-100214","owner_www_address":"http:\/\/archaeologie.uni-muenster.de\/ikmk\/","nomisma_address":"http:\/\/nomisma.org\/id\/archaeological_museum_wwu","ndp_uri":"https:\/\/ikmk.smb.museum\/ndp\/besitzer\/37","owner_type":{"de":"Eigentum","en":"Property","ikmk_type_id":"2","ndp_uri":"https:\/\/ikmk.smb.museum\/ndp\/possession_kind\/2"}},"ikmk_status_id":"7","status":{"de":"vorhanden","en":"present","ikmk_status_id":"7","ndp_uri":"https:\/\/ikmk.smb.museum\/ndp\/object_status\/7"},"date_last":"2022-12-11 17:52:22","coin_status":[{"ikmk_coin_status_id":"54","coin_status_name_de":"Stadt","coin_status_name_en":"City","coin_status_nomisma_id":"http:\/\/nomisma.org\/id\/city","ndp_uri":"https:\/\/ikmk.smb.museum\/ndp\/muenzstand\/54"}],"mint":[{"ikmk_country_id":"75","country_ndp_url":"https:\/\/ikmk.smb.museum\/ndp\/land\/75","country_name_de":"T\u00fcrkei","country_name_en":"Turkey","country_nomisma_id":"","country_geoname_id":"http:\/\/www.geonames.org\/298795","ikmk_region_id":"398","region_ndp_uri":"https:\/\/ikmk.smb.museum\/ndp\/region\/398","region_name":"Mysien","region_nomisma_id":"http:\/\/nomisma.org\/id\/mysia","region_geoname_id":"","ikmk_mint_id":"950","mint_ndp_uri":"https:\/\/ikmk.smb.museum\/ndp\/ort\/950","mint_name":"Pergamon","mint_name_de":"Pergamon","mint_name_en":"Pergamum","mint_nomisma_id":"http:\/\/nomisma.org\/id\/pergamum","mint_geoname_id":"http:\/\/www.geonames.org\/321426"}],"material":{"ikmk_material_id":"2","material_name_de":"Bronze","material_name_en":"Bronze","material_nomisma_id":"http:\/\/nomisma.org\/id\/ae","ndp_uri":"https:\/\/ikmk.smb.museum\/ndp\/material\/2"},"diameter":"43 mm","weight":"49.87 g","accession":"","access_year":"1956","access_type":{"ikmk_access_type_id":"1","access_type_name":"Kauf","access_type_nomisma_id":"","access_type_concept_id":"http:\/\/d-nb.info\/gnd\/4128692-3","ndp_uir":"https:\/\/ikmk.smb.museum\/ndp\/zugangsart\/1"},"provenienz_extern":"","acquisition_date":null,"avers":{"leg_trans":"","leg_text":"","image_description":"Die Vorderseite ist glattgerieben: Die einander zugewandten Portr\u00e4ts von Maximinus Thrax und seinem Sohn Maximus sind entfernt, oben ist lediglich die Rundung der beiden K\u00f6pfe noch zu erahnen.","foto_date":"2010-09-12","photographer":{"ikmk_photographer_id":"9","photographer_name":"Robert Dylka","photographer_gnd":"","photographer_viaf":""},"path_thumbnail":"https:\/\/archaeologie.uni-muenster.de\/ikmk\/image\/ID307\/vs_opt.jpg","path_opt":"https:\/\/archaeologie.uni-muenster.de\/ikmk\/image\/ID307\/vs_opt.jpg","path_opt_rel":"images\/n0\/307\/vs_opt.jpg","path":"https:\/\/archaeologie.uni-muenster.de\/ikmk\/image\/ID307\/vs_org.jpg","path_org":"https:\/\/archaeologie.uni-muenster.de\/ikmk\/image\/ID307\/vs_org.jpg","image_timestamp":1624527421,"copyright":{"short":"PDM 1.0","url":"https:\/\/creativecommons.org\/publicdomain\/mark\/1.0\/","de":"Bilddateien sind <a href=\"https:\/\/creativecommons.org\/publicdomain\/mark\/1.0\/deed.de\" target=\"_blank\">Public Domain Mark 1.0<\/a>. M\u00fcnster, Arch\u00e4ologisches Museum der Universit\u00e4t, ID307. Aufnahme durch Robert Dylka.","en":"Image files are licensed&nbsp;<a href=\"https:\/\/creativecommons.org\/publicdomain\/mark\/1.0\/deed.en\" target=\"_blank\">Public Domain Mark 1.0<\/a>. M\u00fcnster, Arch\u00e4ologisches Museum der Universit\u00e4t, ID307. Photographs by Robert Dylka."}},"revers":{"leg_trans":"","leg_text":"\u0395\u03a0\u0399 C\u03a4\u03a1 - \u0391\u03a5-\u03a1 \u039d\u0395\u0399\/\u039b\u039f\u03a5 - \u03a0\u0395\u03a1\u0393\u0391\u039c\u0397\u039d\u03a9\u039d \/\/ \u03a0\u03a1\u03a9\u03a4\u03a9\u039d \u03a4\u03a1\u0399 \/ \u039d\u0395\u03a9\u039a\u039f\u03a1\u03a9","image_description":"Tyche (oder Homonoia?) mit Kalathos und F\u00fcllhorn im l. Arm steht n. l., in der vorgestreckten r. Hand eine Schale \u00fcber Altar; l. steht frontal Demeter, mit Blick n. r. der Tyche zugewandt.","foto_date":"2010-09-12","photographer":{"ikmk_photographer_id":"9","photographer_name":"Robert Dylka","photographer_gnd":"","photographer_viaf":""},"path_thumbnail":"https:\/\/archaeologie.uni-muenster.de\/ikmk\/image\/ID307\/rs_opt.jpg","path_opt":"https:\/\/archaeologie.uni-muenster.de\/ikmk\/image\/ID307\/rs_opt.jpg","path_opt_rel":"images\/n0\/307\/rs_opt.jpg","path":"https:\/\/archaeologie.uni-muenster.de\/ikmk\/image\/ID307\/rs_org.jpg","path_org":"https:\/\/archaeologie.uni-muenster.de\/ikmk\/image\/ID307\/rs_org.jpg","image_timestamp":1624527441,"copyright":{"short":"PDM 1.0","url":"https:\/\/creativecommons.org\/publicdomain\/mark\/1.0\/","de":"Bilddateien sind <a href=\"https:\/\/creativecommons.org\/publicdomain\/mark\/1.0\/deed.de\" target=\"_blank\">Public Domain Mark 1.0<\/a>. M\u00fcnster, Arch\u00e4ologisches Museum der Universit\u00e4t, ID307. Aufnahme durch Robert Dylka.","en":"Image files are licensed&nbsp;<a href=\"https:\/\/creativecommons.org\/publicdomain\/mark\/1.0\/deed.en\" target=\"_blank\">Public Domain Mark 1.0<\/a>. M\u00fcnster, Arch\u00e4ologisches Museum der Universit\u00e4t, ID307. Photographs by Robert Dylka."}},"division":{"ikmk_division_id":"1","division_name_de":"Antike","division_name_en":"Antiquity"},"sub_division":{"ikmk_subdivision_id":"6","subdivision_name_de":"Griechen, R\u00f6mische Kaiserzeit","subdivision_name_en":"Greek, Roman Imperial period"},"literatur":"RPC VI (online) Temp. No. 4235\/5 (dieses St\u00fcck); P. Berghaus, Erasionen auf M\u00fcnzen von Pergamon in der Sammlung Th. Bieder der Westf\u00e4lischen Wilhelms-Universit\u00e4t, in: S. \u015eahin - E. Schwertheim - J. Wagner (Hrsg.), Studien zur Religion und Kultur Kleinasiens. Festschrift f\u00fcr Friedrich Karl D\u00f6rner zum 65. Geburtstag, EPRO (1978) 160 Nr. 1 Taf. LIII, 1 (dieses St\u00fcck). Vgl. H. von Fritze, Die M\u00fcnzen von Pergamon (1910) Taf. VI, 20 (Rs.); B. Weisser, Die M\u00fcnzpr\u00e4gung von Pergamon (1995) 181 Nr. T (2260) Taf. 42 (Rs.).","comment":"","period":{"ikmk_period_id":"4","name_de":"R\u00f6mische Kaiserzeit","name_en":null,"description_de":"30 v. - 283 n. Chr.","description_en":null,"concept_id":"http:\/\/vocab.getty.edu\/aat\/300020541","ndp_uri":"https:\/\/ikmk.smb.museum\/ndp\/periode\/4"},"year_start":"235","year_end":"238","date_verbal":"235-238 n. Chr.","year_islam":"0","type_references":{"608":"http:\/\/rpc.ashmus.ox.ac.uk\/coins\/6\/4235\/5\/"},"manufacturing":[{"ikmk_manufacturing_id":"21","manufacturing_name_de":"gepr\u00e4gt","manufacturing_name_en":"struck","nomisma_id":"http:\/\/nomisma.org\/id\/struck","ndp_uri":"https:\/\/ikmk.smb.museum\/ndp\/herstellungtyp\/21"}],"linked_persons_corporations":{"50":{"ikmk_type_id":"50","type_name_de":"Vorbesitzer","type_name_en":"previous Owner","type_nomisma_id":"","type_concept_id":"http:\/\/d-nb.info\/gnd\/4447273-0","ndp_id":"https:\/\/ikmk.smb.museum\/ndp\/persontype\/50","items":{"7412":{"ikmk_person_id":"7412","title_de":null,"first_name_de":"Theobald","last_name_de":"Bieder","vitalDates":"26.05.1876 - 24.04.1947","title_en":null,"first_name_en":"Theobald","last_name_en":"Bieder","corporation":"0","lod":{"http:\/\/d-nb.info\/gnd\/116163186":"http:\/\/d-nb.info\/gnd\/116163186","https:\/\/viaf.org\/viaf\/92441228":"https:\/\/viaf.org\/viaf\/92441228","https:\/\/ikmk.smb.museum\/ndp\/person\/7412":"https:\/\/ikmk.smb.museum\/ndp\/person\/7412"},"year_from":"0","year_until":"0"}}},"54":{"ikmk_type_id":"54","type_name_de":"Dargestellte\/r","type_name_en":"Sitter","type_nomisma_id":"http:\/\/nomisma.org\/id\/portrait","type_concept_id":"http:\/\/vocab.getty.edu\/aat\/300189844","ndp_id":"https:\/\/ikmk.smb.museum\/ndp\/persontype\/54","items":{"1186":{"ikmk_person_id":"1186","title_de":null,"first_name_de":null,"last_name_de":"Maximinus Thrax","vitalDates":"um 172-238 n. Chr.","title_en":null,"first_name_en":null,"last_name_en":"Maximinus Thrax","corporation":"0","lod":{"http:\/\/d-nb.info\/gnd\/118579452":"http:\/\/d-nb.info\/gnd\/118579452","https:\/\/viaf.org\/viaf\/72186235":"https:\/\/viaf.org\/viaf\/72186235","http:\/\/nomisma.org\/id\/maximinus_thrax":"http:\/\/nomisma.org\/id\/maximinus_thrax","https:\/\/de.wikipedia.org\/wiki\/Maximinus_Thrax":"https:\/\/de.wikipedia.org\/wiki\/Maximinus_Thrax","https:\/\/en.wikipedia.org\/wiki\/Maximinus_Thrax":"https:\/\/en.wikipedia.org\/wiki\/Maximinus_Thrax","https:\/\/ikmk.smb.museum\/ndp\/person\/1186":"https:\/\/ikmk.smb.museum\/ndp\/person\/1186"}}}},"61":{"ikmk_type_id":"61","type_name_de":"Strategos","type_name_en":"Strategos","type_nomisma_id":"","type_concept_id":"http:\/\/d-nb.info\/gnd\/4183603-0","ndp_id":"https:\/\/ikmk.smb.museum\/ndp\/persontype\/61","items":{"3288":{"ikmk_person_id":"3288","title_de":"","first_name_de":"","last_name_de":"Aurelius Neilos","vitalDates":"","title_en":null,"first_name_en":null,"last_name_en":"Aurelius Neilos","corporation":"0","lod":{"https:\/\/ikmk.smb.museum\/ndp\/person\/3288":"https:\/\/ikmk.smb.museum\/ndp\/person\/3288"}}}}},"keywords":[{"ikmk_keyword_id":"1","keyword":"Antike","keyword_gnd_uri":"http:\/\/d-nb.info\/gnd\/4068754-5","keyword_concept_uri":"http:\/\/vocab.getty.edu\/aat\/300055818"},{"ikmk_keyword_id":"71","keyword":"Bronze \/ Kupfer","keyword_gnd_uri":"http:\/\/d-nb.info\/gnd\/4146667-6","keyword_concept_uri":"http:\/\/www.nomisma.org\/id\/ae"},{"ikmk_keyword_id":"60","keyword":"Gegenstempel, Erasionen u.a.","keyword_gnd_uri":"","keyword_concept_uri":""},{"ikmk_keyword_id":"45","keyword":"G\u00f6tter","keyword_gnd_uri":"http:\/\/d-nb.info\/gnd\/4021469-2","keyword_concept_uri":"http:\/\/vocab.getty.edu\/aat\/300343850"},{"ikmk_keyword_id":"25","keyword":"Kleinasien","keyword_gnd_uri":"http:\/\/d-nb.info\/gnd\/4085685-9","keyword_concept_uri":"http:\/\/vocab.getty.edu\/aat\/300387727"},{"ikmk_keyword_id":"67","keyword":"M\u00fcnzmeister\/-beamte","keyword_gnd_uri":"","keyword_concept_uri":"http:\/\/vocab.getty.edu\/aat\/300205361"},{"ikmk_keyword_id":"48","keyword":"Personifikationen","keyword_gnd_uri":"http:\/\/d-nb.info\/gnd\/4137737-0","keyword_concept_uri":"http:\/\/vocab.getty.edu\/aat\/300055905"},{"ikmk_keyword_id":"43","keyword":"Portr\u00e4ts","keyword_gnd_uri":"http:\/\/d-nb.info\/gnd\/4006627-7","keyword_concept_uri":"http:\/\/vocab.getty.edu\/aat\/300015637"},{"ikmk_keyword_id":"7","keyword":"R\u00f6mische Kaiserzeit, 1. Jh. v. Chr.-3. Jh.","keyword_gnd_uri":"http:\/\/d-nb.info\/gnd\/7512142-6","keyword_concept_uri":"http:\/\/vocab.getty.edu\/aat\/300020541"},{"ikmk_keyword_id":"73","keyword":"Spitzenst\u00fccke und Hauptwerke","keyword_gnd_uri":"http:\/\/d-nb.info\/gnd\/4702225-5","keyword_concept_uri":"http:\/\/vocab.getty.edu\/aat\/300072312"},{"ikmk_keyword_id":"38","keyword":"St\u00e4dte","keyword_gnd_uri":"http:\/\/d-nb.info\/gnd\/4056723-0","keyword_concept_uri":"http:\/\/nomisma.org\/id\/city"}],"secondary_treatment":[{"ikmk_secondary_treatment_id":"23","item_de":"eradiert","item_en":"defased","description_de":"Ein Teil des Bildes oder der Aufschrift einer M\u00fcnze, Medaille oder Marke wurde nachtr\u00e4glich entfernt. Das Konzept ist insbesondere f\u00fcr die bewusste Damnatio memoriae einer Person zu verwenden. Vgl. auch die Konzepte Stempelumschnitt und nachgeschnitten.","description_en":"Parts of the image or inscription of a coin, medal or token have been removed\/erased. To be used in particular for cases of damnatio memoriae. See also the concepts for re-cut\/tooled and recut die.","ndp_uri":"https:\/\/ikmk.smb.museum\/ndp\/secondaryTreatment\/23","concept":["http:\/\/nomisma.org\/id\/defaced","http:\/\/vocab.getty.edu\/aat\/300053088"]}],"text_right":{"short":"CC BY-SA 4.0","icon":"https:\/\/licensebuttons.net\/l\/by-sa\/4.0\/80x15.png","url":{"de":"https:\/\/creativecommons.org\/licenses\/by-sa\/4.0\/deed.de","en":"https:\/\/creativecommons.org\/licenses\/by-sa\/4.0\/deed.en"},"label":{"de":"Creative Commons Namensnennung - Weitergabe unter gleichen Bedingungen 4.0 International","en":"Creative Commons Attribution-ShareAlike 4.0 International"},"string":{"de":"Texte und Beschreibungen in diesem Online-Katalog stehen unter einer <a href=\"https:\/\/creativecommons.org\/licenses\/by-sa\/4.0\/deed.de\" target=\"_blank\">CC BY-SA 4.0<\/a> Lizenz.","en":"Texts and descriptions of this catalogue are licensed <a href=\"https:\/\/creativecommons.org\/licenses\/by-sa\/4.0\/deed.de\" target=\"_blank\">CC BY-SA 4.0<\/a>."}},"lod_right":{"short":"PDM 1.0","icon":"https:\/\/licensebuttons.net\/p\/zero\/1.0\/80x15.png","url":{"de":"https:\/\/creativecommons.org\/publicdomain\/mark\/1.0\/deed.de","en":"https:\/\/creativecommons.org\/publicdomain\/mark\/1.0\/deed.en"},"label":{"de":"Public Domain Mark 1.0","en":"Public Domain Mark 1.0"},"string":{"de":"Verwendete LOD-Identifikatoren sind <a href=\"https:\/\/creativecommons.org\/publicdomain\/mark\/1.0\/deed.de\" target=\"_blank\">PDM 1.0<\/a>.","en":"LOD ids used are licensed <a href=\"https:\/\/creativecommons.org\/publicdomain\/mark\/1.0\/deed.en\" target=\"_blank\">Public Domain Mark 1.0<\/a>."}},"image_restriction_id":0,"image_restriction":"free","image_right":{"short":"PDM 1.0","icon":"https:\/\/licensebuttons.net\/p\/zero\/1.0\/80x15.png","url":{"de":"https:\/\/creativecommons.org\/publicdomain\/mark\/1.0\/deed.de","en":"https:\/\/creativecommons.org\/publicdomain\/mark\/1.0\/deed.en"},"label":{"de":"Public Domain Mark 1.0","en":"Public Domain Mark 1.0"}}}