{"ikmk_id":"3056","eLearning_completed":"0","primary_source_id":"0","title":"Augustus","inventory_number":"M 52","activated":"yes","item":{"ikmk_item_id":"1","ndp_uri":"https:\/\/ikmk.smb.museum\/ndp\/sachbegriff\/1","item_de":"M\u00fcnze","item_en":"Coin","item_nomisma":"http:\/\/nomisma.org\/id\/coin"},"permalink":"https:\/\/archaeologie.uni-muenster.de\/ikmk\/object?id=ID3056","permalink_source":"","publisher":{"ikmk_publisher_id":37,"ndp_uri":"https:\/\/ikmk.smb.museum\/ndp\/besitzer\/37","publisher_name":"Digitales M\u00fcnzkabinett der Universit\u00e4t M\u00fcnster","publisher_isil":"https:\/\/ld.zdb-services.de\/resource\/orgsanisations\/DE-MUS-100214","publisher_isil_short":"DE-MUS-100214","UID":"https:\/\/ld.zdb-services.de\/resource\/orgsanisations\/DE-MUS-100214\/ID3056","legalBodyWeblink":"https:\/\/www.uni-muenster.de\/Archaeologie\/numismatik\/index.shtml"},"owner":{"ikmk_owner_id":"37","owner_name":"M\u00fcnster, Arch\u00e4ologisches Museum der Universit\u00e4t","owner_isil":"http:\/\/ld.zdb-services.de\/resource\/organisations\/DE-MUS-100214","owner_isil_short":"DE-MUS-100214","owner_www_address":"http:\/\/archaeologie.uni-muenster.de\/ikmk\/","nomisma_address":"http:\/\/nomisma.org\/id\/archaeological_museum_wwu","ndp_uri":"https:\/\/ikmk.smb.museum\/ndp\/besitzer\/37","owner_type":{"de":"Eigentum","en":"Property","ikmk_type_id":"2","ndp_uri":"https:\/\/ikmk.smb.museum\/ndp\/possession_kind\/2"}},"ikmk_status_id":"7","status":{"de":"vorhanden","en":"present","ikmk_status_id":"7","ndp_uri":"https:\/\/ikmk.smb.museum\/ndp\/object_status\/7"},"nominal":{"ikmk_nominal_id":"666","nominal_de":"As","nominal_en":"As","nominal_nomisma_id":"http:\/\/nomisma.org\/id\/as","nominal_gnd_id":"","info_de":"Der As; Asses (Mehrzahl). Eigentlich \u201eEiner\u201c bzw. \u201eEinheit\u201c. Bezeichnet im Gewichtssystem des Geldes der r\u00f6mischen Republik das in zw\u00f6lf Unzen (unciae) unterteilte Pfund (libra), mit wechselnden sinkenden Standards (vom obengenannten libralen zum semilibralen, sextanalen und schlie\u00dflich unzialen). Zun\u00e4chst gegossen als Teil des Aes grave, seit dem Ende des 3. Jhs. v. Chr. gepr\u00e4gt. Auch die entsprechende Einheit unteritalischen Schwergeldes wurde als As bezeichnet. Mit der Einf\u00fchrung des Denares (s. dort) kamen erst zehn, dann 16 Asses auf einen solchen. Augustus lie\u00df den As ebenfalls als Kupferm\u00fcnze weiterpr\u00e4gen, lediglich Nero gab ihn kurzfristig in Messing aus. Im Verlauf des 3. Jhs. n. Chr. werden Asses immer seltener gepr\u00e4gt und erscheinen zuletzt unter Aurelianus (reg. 270-275 n. Chr.).","info_en":"","ndp_uri":"https:\/\/ikmk.smb.museum\/ndp\/nominal\/666"},"date_last":"2022-12-11 17:52:22","coin_status":[{"ikmk_coin_status_id":"29","coin_status_name_de":"Antike Herrscherpr\u00e4gung","coin_status_name_en":"Ancient Ruler's issue","coin_status_nomisma_id":"http:\/\/nomisma.org\/id\/ruler","ndp_uri":"https:\/\/ikmk.smb.museum\/ndp\/muenzstand\/29"}],"mint":[{"ikmk_country_id":"71","country_ndp_url":"https:\/\/ikmk.smb.museum\/ndp\/land\/71","country_name_de":"Spanien","country_name_en":"Spain","country_nomisma_id":"http:\/\/nomisma.org\/id\/spain","country_geoname_id":"http:\/\/www.geonames.org\/2510769","ikmk_region_id":"365","region_ndp_uri":"https:\/\/ikmk.smb.museum\/ndp\/region\/365","region_name":"Hispania","region_nomisma_id":"http:\/\/nomisma.org\/id\/hispania","region_geoname_id":"","ikmk_mint_id":"832","mint_ndp_uri":"https:\/\/ikmk.smb.museum\/ndp\/ort\/832","mint_name":"Augusta Emerita (M\u00e9rida)","mint_name_de":"Augusta Emerita (M\u00e9rida)","mint_name_en":null,"mint_nomisma_id":"http:\/\/nomisma.org\/id\/emerita","mint_geoname_id":"http:\/\/www.geonames.org\/2513917"}],"material":{"ikmk_material_id":"2","material_name_de":"Bronze","material_name_en":"Bronze","material_nomisma_id":"http:\/\/nomisma.org\/id\/ae","ndp_uri":"https:\/\/ikmk.smb.museum\/ndp\/material\/2"},"diameter":"28 mm","die_axis":"12 h","weight":"12.31 g","accession":"","access_year":"1956","access_type":{"ikmk_access_type_id":"1","access_type_name":"Kauf","access_type_nomisma_id":"","access_type_concept_id":"http:\/\/d-nb.info\/gnd\/4128692-3","ndp_uir":"https:\/\/ikmk.smb.museum\/ndp\/zugangsart\/1"},"provenienz_extern":"","acquisition_date":null,"avers":{"leg_trans":"","leg_text":"TRIB POTEST - CASEAR AVGV","image_description":"Kopf des Augustus n. r., barh\u00e4uptig.","foto_date":"2022-01-18","photographer":{"ikmk_photographer_id":"10","photographer_name":"Katharina Martin","photographer_gnd":"http:\/\/d-nb.info\/gnd\/1051591260","photographer_viaf":"https:\/\/viaf.org\/viaf\/233099668"},"path_thumbnail":"https:\/\/archaeologie.uni-muenster.de\/ikmk\/image\/ID3056\/vs_opt.jpg","path_opt":"https:\/\/archaeologie.uni-muenster.de\/ikmk\/image\/ID3056\/vs_opt.jpg","path_opt_rel":"images\/n3\/3056\/vs_opt.jpg","path":"https:\/\/archaeologie.uni-muenster.de\/ikmk\/image\/ID3056\/vs_org.jpg","path_org":"https:\/\/archaeologie.uni-muenster.de\/ikmk\/image\/ID3056\/vs_org.jpg","image_timestamp":1642767839,"copyright":{"short":"PDM 1.0","url":"https:\/\/creativecommons.org\/publicdomain\/mark\/1.0\/","de":"Bilddateien sind <a href=\"https:\/\/creativecommons.org\/publicdomain\/mark\/1.0\/deed.de\" target=\"_blank\">Public Domain Mark 1.0<\/a>. M\u00fcnster, Arch\u00e4ologisches Museum der Universit\u00e4t, ID3056. Aufnahme durch Katharina Martin.","en":"Image files are licensed&nbsp;<a href=\"https:\/\/creativecommons.org\/publicdomain\/mark\/1.0\/deed.en\" target=\"_blank\">Public Domain Mark 1.0<\/a>. M\u00fcnster, Arch\u00e4ologisches Museum der Universit\u00e4t, ID3056. Photographs by Katharina Martin."}},"revers":{"leg_trans":"","leg_text":"P \u2022 CARISIVS \/ LEG \/ AVGVST","image_description":"Dreizeilige Legende.","foto_date":"2022-01-18","photographer":{"ikmk_photographer_id":"10","photographer_name":"Katharina Martin","photographer_gnd":"http:\/\/d-nb.info\/gnd\/1051591260","photographer_viaf":"https:\/\/viaf.org\/viaf\/233099668"},"path_thumbnail":"https:\/\/archaeologie.uni-muenster.de\/ikmk\/image\/ID3056\/rs_opt.jpg","path_opt":"https:\/\/archaeologie.uni-muenster.de\/ikmk\/image\/ID3056\/rs_opt.jpg","path_opt_rel":"images\/n3\/3056\/rs_opt.jpg","path":"https:\/\/archaeologie.uni-muenster.de\/ikmk\/image\/ID3056\/rs_org.jpg","path_org":"https:\/\/archaeologie.uni-muenster.de\/ikmk\/image\/ID3056\/rs_org.jpg","image_timestamp":1642767839,"copyright":{"short":"PDM 1.0","url":"https:\/\/creativecommons.org\/publicdomain\/mark\/1.0\/","de":"Bilddateien sind <a href=\"https:\/\/creativecommons.org\/publicdomain\/mark\/1.0\/deed.de\" target=\"_blank\">Public Domain Mark 1.0<\/a>. M\u00fcnster, Arch\u00e4ologisches Museum der Universit\u00e4t, ID3056. Aufnahme durch Katharina Martin.","en":"Image files are licensed&nbsp;<a href=\"https:\/\/creativecommons.org\/publicdomain\/mark\/1.0\/deed.en\" target=\"_blank\">Public Domain Mark 1.0<\/a>. M\u00fcnster, Arch\u00e4ologisches Museum der Universit\u00e4t, ID3056. Photographs by Katharina Martin."}},"division":{"ikmk_division_id":"1","division_name_de":"Antike","division_name_en":"Antiquity"},"sub_division":{"ikmk_subdivision_id":"3","subdivision_name_de":"R\u00f6mische Kaiserzeit","subdivision_name_en":"Roman Imperial period"},"literatur":"RIC I\u00b2 Nr. 14.","comment":"Der Legatus pro praetore in Lusitania, P. Carisius, hat die Gr\u00fcndung der Colonia Augusta Emerita initiiert. Seine Amtszeit 23 v. Chr. endeteDie Amtszeit des endete 23 v. Chr.","period":{"ikmk_period_id":"4","name_de":"R\u00f6mische Kaiserzeit","name_en":null,"description_de":"30 v. - 283 n. Chr.","description_en":null,"concept_id":"http:\/\/vocab.getty.edu\/aat\/300020541","ndp_uri":"https:\/\/ikmk.smb.museum\/ndp\/periode\/4"},"year_start":"-27","year_end":"-23","date_verbal":"ca. 27-23 v. Chr.","year_islam":"0","references":[{"ikmk_referenz_id":4,"souce":"RIC I\u00b2 Augustus","number":"0014","similar":"0"}],"type_references":{"2490":"http:\/\/numismatics.org\/ocre\/id\/ric.1(2).aug.14"},"manufacturing":[{"ikmk_manufacturing_id":"21","manufacturing_name_de":"gepr\u00e4gt","manufacturing_name_en":"struck","nomisma_id":"http:\/\/nomisma.org\/id\/struck","ndp_uri":"https:\/\/ikmk.smb.museum\/ndp\/herstellungtyp\/21"}],"linked_persons_corporations":{"50":{"ikmk_type_id":"50","type_name_de":"Vorbesitzer","type_name_en":"previous Owner","type_nomisma_id":"","type_concept_id":"http:\/\/d-nb.info\/gnd\/4447273-0","ndp_id":"https:\/\/ikmk.smb.museum\/ndp\/persontype\/50","items":{"7412":{"ikmk_person_id":"7412","title_de":null,"first_name_de":"Theobald","last_name_de":"Bieder","vitalDates":"26.05.1876 - 24.04.1947","title_en":null,"first_name_en":"Theobald","last_name_en":"Bieder","corporation":"0","lod":{"http:\/\/d-nb.info\/gnd\/116163186":"http:\/\/d-nb.info\/gnd\/116163186","https:\/\/viaf.org\/viaf\/92441228":"https:\/\/viaf.org\/viaf\/92441228","https:\/\/ikmk.smb.museum\/ndp\/person\/7412":"https:\/\/ikmk.smb.museum\/ndp\/person\/7412"},"year_from":"0","year_until":"0"}}}},"keywords":[{"ikmk_keyword_id":"1","keyword":"Antike","keyword_gnd_uri":"http:\/\/d-nb.info\/gnd\/4068754-5","keyword_concept_uri":"http:\/\/vocab.getty.edu\/aat\/300055818"},{"ikmk_keyword_id":"71","keyword":"Bronze \/ Kupfer","keyword_gnd_uri":"http:\/\/d-nb.info\/gnd\/4146667-6","keyword_concept_uri":"http:\/\/www.nomisma.org\/id\/ae"},{"ikmk_keyword_id":"67","keyword":"M\u00fcnzmeister\/-beamte","keyword_gnd_uri":"","keyword_concept_uri":"http:\/\/vocab.getty.edu\/aat\/300205361"},{"ikmk_keyword_id":"31","keyword":"M\u00fcnzstand: Antike Herrscher","keyword_gnd_uri":"","keyword_concept_uri":""},{"ikmk_keyword_id":"43","keyword":"Portr\u00e4ts","keyword_gnd_uri":"http:\/\/d-nb.info\/gnd\/4006627-7","keyword_concept_uri":"http:\/\/vocab.getty.edu\/aat\/300015637"},{"ikmk_keyword_id":"7","keyword":"R\u00f6mische Kaiserzeit, 1. Jh. v. Chr.-3. Jh.","keyword_gnd_uri":"http:\/\/d-nb.info\/gnd\/7512142-6","keyword_concept_uri":"http:\/\/vocab.getty.edu\/aat\/300020541"},{"ikmk_keyword_id":"24","keyword":"Spanien und Portugal","keyword_gnd_uri":"http:\/\/d-nb.info\/gnd\/4047912-2","keyword_concept_uri":"http:\/\/vocab.getty.edu\/tgn\/7016676"}],"text_right":{"short":"CC BY-SA 4.0","icon":"https:\/\/licensebuttons.net\/l\/by-sa\/4.0\/80x15.png","url":{"de":"https:\/\/creativecommons.org\/licenses\/by-sa\/4.0\/deed.de","en":"https:\/\/creativecommons.org\/licenses\/by-sa\/4.0\/deed.en"},"label":{"de":"Creative Commons Namensnennung - Weitergabe unter gleichen Bedingungen 4.0 International","en":"Creative Commons Attribution-ShareAlike 4.0 International"},"string":{"de":"Texte und Beschreibungen in diesem Online-Katalog stehen unter einer <a href=\"https:\/\/creativecommons.org\/licenses\/by-sa\/4.0\/deed.de\" target=\"_blank\">CC BY-SA 4.0<\/a> Lizenz.","en":"Texts and descriptions of this catalogue are licensed <a href=\"https:\/\/creativecommons.org\/licenses\/by-sa\/4.0\/deed.de\" target=\"_blank\">CC BY-SA 4.0<\/a>."}},"lod_right":{"short":"PDM 1.0","icon":"https:\/\/licensebuttons.net\/p\/zero\/1.0\/80x15.png","url":{"de":"https:\/\/creativecommons.org\/publicdomain\/mark\/1.0\/deed.de","en":"https:\/\/creativecommons.org\/publicdomain\/mark\/1.0\/deed.en"},"label":{"de":"Public Domain Mark 1.0","en":"Public Domain Mark 1.0"},"string":{"de":"Verwendete LOD-Identifikatoren sind <a href=\"https:\/\/creativecommons.org\/publicdomain\/mark\/1.0\/deed.de\" target=\"_blank\">PDM 1.0<\/a>.","en":"LOD ids used are licensed <a href=\"https:\/\/creativecommons.org\/publicdomain\/mark\/1.0\/deed.en\" target=\"_blank\">Public Domain Mark 1.0<\/a>."}},"image_restriction_id":0,"image_restriction":"free","image_right":{"short":"PDM 1.0","icon":"https:\/\/licensebuttons.net\/p\/zero\/1.0\/80x15.png","url":{"de":"https:\/\/creativecommons.org\/publicdomain\/mark\/1.0\/deed.de","en":"https:\/\/creativecommons.org\/publicdomain\/mark\/1.0\/deed.en"},"label":{"de":"Public Domain Mark 1.0","en":"Public Domain Mark 1.0"}}}